{"id":1218,"date":"2021-11-23T17:00:59","date_gmt":"2021-11-23T17:00:59","guid":{"rendered":"https:\/\/www.xn--siebenbumen-r8a.de\/?p=1218"},"modified":"2021-11-23T17:00:59","modified_gmt":"2021-11-23T17:00:59","slug":"absage-lebendiger-adventskalender","status":"publish","type":"post","link":"https:\/\/www.xn--siebenbumen-r8a.de\/?p=1218","title":{"rendered":"Absage lebendiger Adventskalender"},"content":{"rendered":"<p><strong><u>Liebe Mitb\u00fcrger*innen<\/u><\/strong><\/p>\n<p><strong><a href=\"https:\/\/www.xn--siebenbumen-r8a.de\/wp-content\/uploads\/2021\/11\/weihnachtsmann.jpg\"><img loading=\"lazy\" class=\"size-full wp-image-1220 aligncenter\" src=\"https:\/\/www.xn--siebenbumen-r8a.de\/wp-content\/uploads\/2021\/11\/weihnachtsmann.jpg\" alt=\"\" width=\"99\" height=\"107\" \/><\/a>Aufgrund der rasant steigenden Corona-Inzidenzen, der laufend versch\u00e4rften Ma\u00dfnahmen und der daraus resultierend verunsicherten Mitwirkenden sehen wir uns leider wieder gezwungen, das Lichterfest und den lebendigen Adventskalender ausfallen zu lassen.<\/strong><\/p>\n<p><strong>\u00a0<\/strong><\/p>\n<p><strong>Wir bedauern dieses sehr und hoffen, dass ihr gesund und besinnlich durch die Vorweihnachtszeit kommt.<\/strong><\/p>\n<p><strong>\u00a0<\/strong><\/p>\n<p><strong>Gabi Wegener und<\/strong><\/p>\n<p><strong>der Kulturausschuss<\/strong><\/p>\n","protected":false},"excerpt":{"rendered":"<p>Liebe Mitb\u00fcrger*innen Aufgrund der rasant steigenden Corona-Inzidenzen, der laufend versch\u00e4rften Ma\u00dfnahmen und der daraus resultierend verunsicherten Mitwirkenden sehen wir uns<\/p>\n","protected":false},"author":1,"featured_media":630,"comment_status":"closed","ping_status":"closed","sticky":false,"template":"","format":"standard","meta":[],"categories":[2],"tags":[],"_links":{"self":[{"href":"https:\/\/www.xn--siebenbumen-r8a.de\/index.php?rest_route=\/wp\/v2\/posts\/1218"}],"collection":[{"href":"https:\/\/www.xn--siebenbumen-r8a.de\/index.php?rest_route=\/wp\/v2\/posts"}],"about":[{"href":"https:\/\/www.xn--siebenbumen-r8a.de\/index.php?rest_route=\/wp\/v2\/types\/post"}],"author":[{"embeddable":true,"href":"https:\/\/www.xn--siebenbumen-r8a.de\/index.php?rest_route=\/wp\/v2\/users\/1"}],"replies":[{"embeddable":true,"href":"https:\/\/www.xn--siebenbumen-r8a.de\/index.php?rest_route=%2Fwp%2Fv2%2Fcomments&post=1218"}],"version-history":[{"count":2,"href":"https:\/\/www.xn--siebenbumen-r8a.de\/index.php?rest_route=\/wp\/v2\/posts\/1218\/revisions"}],"predecessor-version":[{"id":1221,"href":"https:\/\/www.xn--siebenbumen-r8a.de\/index.php?rest_route=\/wp\/v2\/posts\/1218\/revisions\/1221"}],"wp:featuredmedia":[{"embeddable":true,"href":"https:\/\/www.xn--siebenbumen-r8a.de\/index.php?rest_route=\/wp\/v2\/media\/630"}],"wp:attachment":[{"href":"https:\/\/www.xn--siebenbumen-r8a.de\/index.php?rest_route=%2Fwp%2Fv2%2Fmedia&parent=1218"}],"wp:term":[{"taxonomy":"category","embeddable":true,"href":"https:\/\/www.xn--siebenbumen-r8a.de\/index.php?rest_route=%2Fwp%2Fv2%2Fcategories&post=1218"},{"taxonomy":"post_tag","embeddable":true,"href":"https:\/\/www.xn--siebenbumen-r8a.de\/index.php?rest_route=%2Fwp%2Fv2%2Ftags&post=1218"}],"curies":[{"name":"wp","href":"https:\/\/api.w.org\/{rel}","templated":true}]}}